{"id":544,"date":"2021-11-22T10:19:10","date_gmt":"2021-11-22T13:19:10","guid":{"rendered":"https:\/\/goedertgroup.com\/?p=544"},"modified":"2021-11-22T10:19:21","modified_gmt":"2021-11-22T13:19:21","slug":"reduzir-o-lixo-e-responsabilidade-de-todos","status":"publish","type":"post","link":"https:\/\/goedertgroup.com.br\/es\/reduzir-o-lixo-e-responsabilidade-de-todos\/","title":{"rendered":"Reduzir o lixo \u00e9 responsabilidade de todos"},"content":{"rendered":"<p>Hoje \u00e9 dia de refor\u00e7ar que a reciclagem deve ser uma pr\u00e1tica obrigat\u00f3ria entre todos os que querer ter um mundo melhor.<\/p>\n<p>Porque s\u00f3 assim menos \u00e1rvores ser\u00e3o cortadas para que novos produtos sejam fabricados e menos \u00e1gua ser\u00e1 necess\u00e1ria para o processo de fabrica\u00e7\u00e3o, entre outros benef\u00edcios.<\/p>\n<p>Mas n\u00e3o basta s\u00f3 ter consci\u00eancia, \u00e9 preciso partir para a A\u00c7\u00c3O! Por isso n\u00f3s, do Goedert Group, adotamos a Log\u00edstica Reversa em nossas lojas NCoisas.<\/p>\n<p>Ela consiste em transformar materiais usados em mat\u00e9ria-prima para um novo produto.<\/p>\n<p>Assim, arrecadamos embalagens de produtos qu\u00edmicos usadas e as direcionamos para cooperativas, tornando poss\u00edvel o seu retorno para a produ\u00e7\u00e3o e evitando a polui\u00e7\u00e3o da \u00e1gua e do solo.<\/p>\n<p>Al\u00e9m da Log\u00edstica Reversa, tamb\u00e9m promovemos:<\/p>\n<p>\ud83c\udf33 A recupera\u00e7\u00e3o de cerca de 16 toneladas de polipropileno por m\u00eas.<\/p>\n<p>\ud83c\udf33 A destina\u00e7\u00e3o correta do \u00f3leo usados em nossas m\u00e1quinas.<\/p>\n<p>\ud83c\udf33 A conscientiza\u00e7\u00e3o interna, entre nossos colaboradores, sobre a import\u00e2ncia de reutilizarem materiais sempre que poss\u00edvel.<\/p>\n<p>S\u00e3o atitudes simples, mas que se praticadas sempre e em todos os lugares, transformar\u00e3o o mundo.<\/p>\n<p>Para conhecer mais a fundo esses e outros dos nossos compromissos com o meio em que vivemos, acesse o nosso Relat\u00f3rio de Sustentabilidade: <strong><a href=\"http:\/\/www.goedert.com.br\/sustentabilidade\">www.goedert.com.br\/sustentabilidade<\/a><\/strong><\/p>\n<p>&nbsp;<\/p>\n<p>#descricaodaimagem O post come\u00e7a com a frase: \u201cReduzir o lixo \u00e9 responsabilidade de todos\u201d. Logo abaixo h\u00e1 o s\u00edmbolo da reciclagem, com imagens de pessoas reciclando produtos, e no meio do s\u00edmbolo a frase: \u201c22|11 \u2013 Dia da Reciclagem\u201d. Ao fundo, a cor verde estilizada, lembrando um papel reciclado. Fim da descri\u00e7\u00e3o.<\/p>","protected":false},"excerpt":{"rendered":"<p>Hoje \u00e9 dia de refor\u00e7ar que a reciclagem deve ser uma pr\u00e1tica obrigat\u00f3ria entre todos os que querer ter um mundo m ...","protected":false},"author":3,"featured_media":545,"comment_status":"open","ping_status":"open","sticky":false,"template":"","format":"standard","meta":{"_acf_changed":false,"footnotes":""},"categories":[1],"tags":[42,41,39,40,16],"class_list":["post-544","post","type-post","status-publish","format-standard","has-post-thumbnail","hentry","category-sem-categoria","tag-logistica-reversa","tag-meio-ambiente","tag-reciclagem","tag-reciclar","tag-sustentabilidade"],"acf":[],"yoast_head":"<!-- This site is optimized with the Yoast SEO plugin v27.5 - https:\/\/yoast.com\/product\/yoast-seo-wordpress\/ -->\n<title>Reduzir o lixo \u00e9 responsabilidade de todos - Goedert Group<\/title>\n<meta name=\"description\" content=\"Hoje \u00e9 dia de refor\u00e7ar que a reciclagem deve ser uma pr\u00e1tica obrigat\u00f3ria entre todos os que querer ter um mundo melhor.\" \/>\n<meta name=\"robots\" content=\"index, follow, max-snippet:-1, max-image-preview:large, max-video-preview:-1\" \/>\n<link rel=\"canonical\" href=\"https:\/\/goedertgroup.com\/en\/reduzir-o-lixo-e-responsabilidade-de-todos\/\" \/>\n<meta property=\"og:locale\" content=\"es_ES\" \/>\n<meta property=\"og:type\" content=\"article\" \/>\n<meta property=\"og:title\" content=\"Reduzir o lixo \u00e9 responsabilidade de todos - Goedert Group\" \/>\n<meta property=\"og:description\" content=\"Hoje \u00e9 dia de refor\u00e7ar que a reciclagem deve ser uma pr\u00e1tica obrigat\u00f3ria entre todos os que querer ter um mundo melhor.\" \/>\n<meta property=\"og:url\" content=\"https:\/\/goedertgroup.com\/en\/reduzir-o-lixo-e-responsabilidade-de-todos\/\" \/>\n<meta property=\"og:site_name\" content=\"Goedert Group\" \/>\n<meta property=\"article:published_time\" content=\"2021-11-22T13:19:10+00:00\" \/>\n<meta property=\"article:modified_time\" content=\"2021-11-22T13:19:21+00:00\" \/>\n<meta property=\"og:image\" content=\"https:\/\/goedertgroup.com\/wp-content\/uploads\/2021\/11\/reciclagem.jpg\" \/>\n\t<meta property=\"og:image:width\" content=\"1000\" \/>\n\t<meta property=\"og:image:height\" content=\"382\" \/>\n\t<meta property=\"og:image:type\" content=\"image\/jpeg\" \/>\n<meta name=\"author\" content=\"Conte\u00fado Goedert\" \/>\n<meta name=\"twitter:card\" content=\"summary_large_image\" \/>\n<meta name=\"twitter:label1\" content=\"Written by\" \/>\n\t<meta name=\"twitter:data1\" content=\"Conte\u00fado Goedert\" \/>\n\t<meta name=\"twitter:label2\" content=\"Est. reading time\" \/>\n\t<meta name=\"twitter:data2\" content=\"1 minute\" \/>\n<script type=\"application\/ld+json\" class=\"yoast-schema-graph\">{\"@context\":\"https:\\\/\\\/schema.org\",\"@graph\":[{\"@type\":\"Article\",\"@id\":\"https:\\\/\\\/goedertgroup.com\\\/en\\\/reduzir-o-lixo-e-responsabilidade-de-todos\\\/#article\",\"isPartOf\":{\"@id\":\"https:\\\/\\\/goedertgroup.com\\\/en\\\/reduzir-o-lixo-e-responsabilidade-de-todos\\\/\"},\"author\":{\"name\":\"Conte\u00fado Goedert\",\"@id\":\"https:\\\/\\\/goedertgroup.com\\\/#\\\/schema\\\/person\\\/0c450f7845effdd28ad0b0ec50365ed6\"},\"headline\":\"Reduzir o lixo \u00e9 responsabilidade de todos\",\"datePublished\":\"2021-11-22T13:19:10+00:00\",\"dateModified\":\"2021-11-22T13:19:21+00:00\",\"mainEntityOfPage\":{\"@id\":\"https:\\\/\\\/goedertgroup.com\\\/en\\\/reduzir-o-lixo-e-responsabilidade-de-todos\\\/\"},\"wordCount\":287,\"commentCount\":0,\"image\":{\"@id\":\"https:\\\/\\\/goedertgroup.com\\\/en\\\/reduzir-o-lixo-e-responsabilidade-de-todos\\\/#primaryimage\"},\"thumbnailUrl\":\"https:\\\/\\\/goedertgroup.com.br\\\/wp-content\\\/uploads\\\/2021\\\/11\\\/reciclagem.jpg\",\"keywords\":[\"log\u00edstica reversa\",\"meio ambiente\",\"reciclagem\",\"reciclar\",\"sustentabilidade\"],\"articleSection\":[\"Sem categoria\"],\"inLanguage\":\"es-ES\"},{\"@type\":\"WebPage\",\"@id\":\"https:\\\/\\\/goedertgroup.com\\\/en\\\/reduzir-o-lixo-e-responsabilidade-de-todos\\\/\",\"url\":\"https:\\\/\\\/goedertgroup.com\\\/en\\\/reduzir-o-lixo-e-responsabilidade-de-todos\\\/\",\"name\":\"Reduzir o lixo \u00e9 responsabilidade de todos - Goedert Group\",\"isPartOf\":{\"@id\":\"https:\\\/\\\/goedertgroup.com\\\/#website\"},\"primaryImageOfPage\":{\"@id\":\"https:\\\/\\\/goedertgroup.com\\\/en\\\/reduzir-o-lixo-e-responsabilidade-de-todos\\\/#primaryimage\"},\"image\":{\"@id\":\"https:\\\/\\\/goedertgroup.com\\\/en\\\/reduzir-o-lixo-e-responsabilidade-de-todos\\\/#primaryimage\"},\"thumbnailUrl\":\"https:\\\/\\\/goedertgroup.com.br\\\/wp-content\\\/uploads\\\/2021\\\/11\\\/reciclagem.jpg\",\"datePublished\":\"2021-11-22T13:19:10+00:00\",\"dateModified\":\"2021-11-22T13:19:21+00:00\",\"author\":{\"@id\":\"https:\\\/\\\/goedertgroup.com\\\/#\\\/schema\\\/person\\\/0c450f7845effdd28ad0b0ec50365ed6\"},\"description\":\"Hoje \u00e9 dia de refor\u00e7ar que a reciclagem deve ser uma pr\u00e1tica obrigat\u00f3ria entre todos os que querer ter um mundo melhor.\",\"breadcrumb\":{\"@id\":\"https:\\\/\\\/goedertgroup.com\\\/en\\\/reduzir-o-lixo-e-responsabilidade-de-todos\\\/#breadcrumb\"},\"inLanguage\":\"es-ES\",\"potentialAction\":[{\"@type\":\"ReadAction\",\"target\":[\"https:\\\/\\\/goedertgroup.com\\\/en\\\/reduzir-o-lixo-e-responsabilidade-de-todos\\\/\"]}]},{\"@type\":\"ImageObject\",\"inLanguage\":\"es-ES\",\"@id\":\"https:\\\/\\\/goedertgroup.com\\\/en\\\/reduzir-o-lixo-e-responsabilidade-de-todos\\\/#primaryimage\",\"url\":\"https:\\\/\\\/goedertgroup.com.br\\\/wp-content\\\/uploads\\\/2021\\\/11\\\/reciclagem.jpg\",\"contentUrl\":\"https:\\\/\\\/goedertgroup.com.br\\\/wp-content\\\/uploads\\\/2021\\\/11\\\/reciclagem.jpg\",\"width\":1000,\"height\":382},{\"@type\":\"BreadcrumbList\",\"@id\":\"https:\\\/\\\/goedertgroup.com\\\/en\\\/reduzir-o-lixo-e-responsabilidade-de-todos\\\/#breadcrumb\",\"itemListElement\":[{\"@type\":\"ListItem\",\"position\":1,\"name\":\"In\u00edcio\",\"item\":\"https:\\\/\\\/goedertgroup.com\\\/\"},{\"@type\":\"ListItem\",\"position\":2,\"name\":\"Reduzir o lixo \u00e9 responsabilidade de todos\"}]},{\"@type\":\"WebSite\",\"@id\":\"https:\\\/\\\/goedertgroup.com\\\/#website\",\"url\":\"https:\\\/\\\/goedertgroup.com\\\/\",\"name\":\"Goedert Group\",\"description\":\"Qualidade em Higiene\",\"potentialAction\":[{\"@type\":\"SearchAction\",\"target\":{\"@type\":\"EntryPoint\",\"urlTemplate\":\"https:\\\/\\\/goedertgroup.com\\\/?s={search_term_string}\"},\"query-input\":{\"@type\":\"PropertyValueSpecification\",\"valueRequired\":true,\"valueName\":\"search_term_string\"}}],\"inLanguage\":\"es-ES\"},{\"@type\":\"Person\",\"@id\":\"https:\\\/\\\/goedertgroup.com\\\/#\\\/schema\\\/person\\\/0c450f7845effdd28ad0b0ec50365ed6\",\"name\":\"Conte\u00fado Goedert\",\"image\":{\"@type\":\"ImageObject\",\"inLanguage\":\"es-ES\",\"@id\":\"https:\\\/\\\/secure.gravatar.com\\\/avatar\\\/5836b4ce16ed25b0d7552a519ca0f9a20e60137ecc507ceaad42f29caa86b1fb?s=96&d=mm&r=g\",\"url\":\"https:\\\/\\\/secure.gravatar.com\\\/avatar\\\/5836b4ce16ed25b0d7552a519ca0f9a20e60137ecc507ceaad42f29caa86b1fb?s=96&d=mm&r=g\",\"contentUrl\":\"https:\\\/\\\/secure.gravatar.com\\\/avatar\\\/5836b4ce16ed25b0d7552a519ca0f9a20e60137ecc507ceaad42f29caa86b1fb?s=96&d=mm&r=g\",\"caption\":\"Conte\u00fado Goedert\"},\"url\":\"https:\\\/\\\/goedertgroup.com.br\\\/es\\\/author\\\/conteudo\\\/\"}]}<\/script>\n<!-- \/ Yoast SEO plugin. -->","yoast_head_json":{"title":"Reduzir o lixo \u00e9 responsabilidade de todos - Goedert Group","description":"Hoje \u00e9 dia de refor\u00e7ar que a reciclagem deve ser uma pr\u00e1tica obrigat\u00f3ria entre todos os que querer ter um mundo melhor.","robots":{"index":"index","follow":"follow","max-snippet":"max-snippet:-1","max-image-preview":"max-image-preview:large","max-video-preview":"max-video-preview:-1"},"canonical":"https:\/\/goedertgroup.com\/en\/reduzir-o-lixo-e-responsabilidade-de-todos\/","og_locale":"es_ES","og_type":"article","og_title":"Reduzir o lixo \u00e9 responsabilidade de todos - Goedert Group","og_description":"Hoje \u00e9 dia de refor\u00e7ar que a reciclagem deve ser uma pr\u00e1tica obrigat\u00f3ria entre todos os que querer ter um mundo melhor.","og_url":"https:\/\/goedertgroup.com\/en\/reduzir-o-lixo-e-responsabilidade-de-todos\/","og_site_name":"Goedert Group","article_published_time":"2021-11-22T13:19:10+00:00","article_modified_time":"2021-11-22T13:19:21+00:00","og_image":[{"width":1000,"height":382,"url":"https:\/\/goedertgroup.com\/wp-content\/uploads\/2021\/11\/reciclagem.jpg","type":"image\/jpeg"}],"author":"Conte\u00fado Goedert","twitter_card":"summary_large_image","twitter_misc":{"Written by":"Conte\u00fado Goedert","Est. reading time":"1 minute"},"schema":{"@context":"https:\/\/schema.org","@graph":[{"@type":"Article","@id":"https:\/\/goedertgroup.com\/en\/reduzir-o-lixo-e-responsabilidade-de-todos\/#article","isPartOf":{"@id":"https:\/\/goedertgroup.com\/en\/reduzir-o-lixo-e-responsabilidade-de-todos\/"},"author":{"name":"Conte\u00fado Goedert","@id":"https:\/\/goedertgroup.com\/#\/schema\/person\/0c450f7845effdd28ad0b0ec50365ed6"},"headline":"Reduzir o lixo \u00e9 responsabilidade de todos","datePublished":"2021-11-22T13:19:10+00:00","dateModified":"2021-11-22T13:19:21+00:00","mainEntityOfPage":{"@id":"https:\/\/goedertgroup.com\/en\/reduzir-o-lixo-e-responsabilidade-de-todos\/"},"wordCount":287,"commentCount":0,"image":{"@id":"https:\/\/goedertgroup.com\/en\/reduzir-o-lixo-e-responsabilidade-de-todos\/#primaryimage"},"thumbnailUrl":"https:\/\/goedertgroup.com.br\/wp-content\/uploads\/2021\/11\/reciclagem.jpg","keywords":["log\u00edstica reversa","meio ambiente","reciclagem","reciclar","sustentabilidade"],"articleSection":["Sem categoria"],"inLanguage":"es-ES"},{"@type":"WebPage","@id":"https:\/\/goedertgroup.com\/en\/reduzir-o-lixo-e-responsabilidade-de-todos\/","url":"https:\/\/goedertgroup.com\/en\/reduzir-o-lixo-e-responsabilidade-de-todos\/","name":"Reduzir o lixo \u00e9 responsabilidade de todos - Goedert Group","isPartOf":{"@id":"https:\/\/goedertgroup.com\/#website"},"primaryImageOfPage":{"@id":"https:\/\/goedertgroup.com\/en\/reduzir-o-lixo-e-responsabilidade-de-todos\/#primaryimage"},"image":{"@id":"https:\/\/goedertgroup.com\/en\/reduzir-o-lixo-e-responsabilidade-de-todos\/#primaryimage"},"thumbnailUrl":"https:\/\/goedertgroup.com.br\/wp-content\/uploads\/2021\/11\/reciclagem.jpg","datePublished":"2021-11-22T13:19:10+00:00","dateModified":"2021-11-22T13:19:21+00:00","author":{"@id":"https:\/\/goedertgroup.com\/#\/schema\/person\/0c450f7845effdd28ad0b0ec50365ed6"},"description":"Hoje \u00e9 dia de refor\u00e7ar que a reciclagem deve ser uma pr\u00e1tica obrigat\u00f3ria entre todos os que querer ter um mundo melhor.","breadcrumb":{"@id":"https:\/\/goedertgroup.com\/en\/reduzir-o-lixo-e-responsabilidade-de-todos\/#breadcrumb"},"inLanguage":"es-ES","potentialAction":[{"@type":"ReadAction","target":["https:\/\/goedertgroup.com\/en\/reduzir-o-lixo-e-responsabilidade-de-todos\/"]}]},{"@type":"ImageObject","inLanguage":"es-ES","@id":"https:\/\/goedertgroup.com\/en\/reduzir-o-lixo-e-responsabilidade-de-todos\/#primaryimage","url":"https:\/\/goedertgroup.com.br\/wp-content\/uploads\/2021\/11\/reciclagem.jpg","contentUrl":"https:\/\/goedertgroup.com.br\/wp-content\/uploads\/2021\/11\/reciclagem.jpg","width":1000,"height":382},{"@type":"BreadcrumbList","@id":"https:\/\/goedertgroup.com\/en\/reduzir-o-lixo-e-responsabilidade-de-todos\/#breadcrumb","itemListElement":[{"@type":"ListItem","position":1,"name":"In\u00edcio","item":"https:\/\/goedertgroup.com\/"},{"@type":"ListItem","position":2,"name":"Reduzir o lixo \u00e9 responsabilidade de todos"}]},{"@type":"WebSite","@id":"https:\/\/goedertgroup.com\/#website","url":"https:\/\/goedertgroup.com\/","name":"Goedert Group","description":"Qualidade em Higiene","potentialAction":[{"@type":"SearchAction","target":{"@type":"EntryPoint","urlTemplate":"https:\/\/goedertgroup.com\/?s={search_term_string}"},"query-input":{"@type":"PropertyValueSpecification","valueRequired":true,"valueName":"search_term_string"}}],"inLanguage":"es-ES"},{"@type":"Person","@id":"https:\/\/goedertgroup.com\/#\/schema\/person\/0c450f7845effdd28ad0b0ec50365ed6","name":"Conte\u00fado Goedert","image":{"@type":"ImageObject","inLanguage":"es-ES","@id":"https:\/\/secure.gravatar.com\/avatar\/5836b4ce16ed25b0d7552a519ca0f9a20e60137ecc507ceaad42f29caa86b1fb?s=96&d=mm&r=g","url":"https:\/\/secure.gravatar.com\/avatar\/5836b4ce16ed25b0d7552a519ca0f9a20e60137ecc507ceaad42f29caa86b1fb?s=96&d=mm&r=g","contentUrl":"https:\/\/secure.gravatar.com\/avatar\/5836b4ce16ed25b0d7552a519ca0f9a20e60137ecc507ceaad42f29caa86b1fb?s=96&d=mm&r=g","caption":"Conte\u00fado Goedert"},"url":"https:\/\/goedertgroup.com.br\/es\/author\/conteudo\/"}]}},"_links":{"self":[{"href":"https:\/\/goedertgroup.com.br\/es\/wp-json\/wp\/v2\/posts\/544","targetHints":{"allow":["GET"]}}],"collection":[{"href":"https:\/\/goedertgroup.com.br\/es\/wp-json\/wp\/v2\/posts"}],"about":[{"href":"https:\/\/goedertgroup.com.br\/es\/wp-json\/wp\/v2\/types\/post"}],"author":[{"embeddable":true,"href":"https:\/\/goedertgroup.com.br\/es\/wp-json\/wp\/v2\/users\/3"}],"replies":[{"embeddable":true,"href":"https:\/\/goedertgroup.com.br\/es\/wp-json\/wp\/v2\/comments?post=544"}],"version-history":[{"count":1,"href":"https:\/\/goedertgroup.com.br\/es\/wp-json\/wp\/v2\/posts\/544\/revisions"}],"predecessor-version":[{"id":546,"href":"https:\/\/goedertgroup.com.br\/es\/wp-json\/wp\/v2\/posts\/544\/revisions\/546"}],"wp:featuredmedia":[{"embeddable":true,"href":"https:\/\/goedertgroup.com.br\/es\/wp-json\/wp\/v2\/media\/545"}],"wp:attachment":[{"href":"https:\/\/goedertgroup.com.br\/es\/wp-json\/wp\/v2\/media?parent=544"}],"wp:term":[{"taxonomy":"category","embeddable":true,"href":"https:\/\/goedertgroup.com.br\/es\/wp-json\/wp\/v2\/categories?post=544"},{"taxonomy":"post_tag","embeddable":true,"href":"https:\/\/goedertgroup.com.br\/es\/wp-json\/wp\/v2\/tags?post=544"}],"curies":[{"name":"wp","href":"https:\/\/api.w.org\/{rel}","templated":true}]}}